{"id":1310,"date":"2026-02-23T10:49:00","date_gmt":"2026-02-23T10:49:00","guid":{"rendered":"https:\/\/akued.com\/prvi-tecaj-medicinske-kozmeticne-akupunkture-v-sloveniji-ljubljana-3-in-4-oktobra-2026\/"},"modified":"2026-08-25T07:56:08","modified_gmt":"2026-08-25T07:56:08","slug":"prvi-tecaj-medicinske-kozmeticne-akupunkture-v-sloveniji-ljubljana-3-in-4-oktobra-2026","status":"publish","type":"post","link":"https:\/\/akued.com\/sl\/prvi-tecaj-medicinske-kozmeticne-akupunkture-v-sloveniji-ljubljana-3-in-4-oktobra-2026\/","title":{"rendered":"Prvi te\u010daj medicinske kozmeti\u010dne akupunkture v Sloveniji, Ljubljana, 3. in 4. oktobra 2026."},"content":{"rendered":"\n<p class=\"wp-block-paragraph\">Prvi\u010d v Sloveniji organiziramo dvodnevni strokovni te\u010daj <strong>medicinske kozmeti\u010dne akupunkture<\/strong>, ki ga bo vodil:<\/p>\n\n\n\n<div style=\"height:10px\" aria-hidden=\"true\" class=\"wp-block-spacer\"><\/div>\n\n\n<style>.kb-row-layout-id1310_936b0c-de > .kt-row-column-wrap{align-content:start;}:where(.kb-row-layout-id1310_936b0c-de > .kt-row-column-wrap) > .wp-block-kadence-column{justify-content:start;}.kb-row-layout-id1310_936b0c-de > .kt-row-column-wrap{column-gap:var(--global-kb-gap-md, 2rem);row-gap:var(--global-kb-gap-md, 2rem);padding-top:var(--global-kb-spacing-sm, 1.5rem);padding-bottom:var(--global-kb-spacing-sm, 1.5rem);grid-template-columns:repeat(2, minmax(0, 1fr));}.kb-row-layout-id1310_936b0c-de > .kt-row-layout-overlay{opacity:0.30;}@media all and (max-width: 1024px){.kb-row-layout-id1310_936b0c-de > .kt-row-column-wrap{grid-template-columns:repeat(2, minmax(0, 1fr));}}@media all and (max-width: 767px){.kb-row-layout-id1310_936b0c-de > .kt-row-column-wrap{grid-template-columns:minmax(0, 1fr);}}<\/style><div class=\"kb-row-layout-wrap kb-row-layout-id1310_936b0c-de alignnone wp-block-kadence-rowlayout\"><div class=\"kt-row-column-wrap kt-has-2-columns kt-row-layout-equal kt-tab-layout-inherit kt-mobile-layout-row kt-row-valign-top\">\n<style>.kadence-column1310_6a139b-cd > .kt-inside-inner-col,.kadence-column1310_6a139b-cd > .kt-inside-inner-col:before{border-top-left-radius:0px;border-top-right-radius:0px;border-bottom-right-radius:0px;border-bottom-left-radius:0px;}.kadence-column1310_6a139b-cd > .kt-inside-inner-col{column-gap:var(--global-kb-gap-sm, 1rem);}.kadence-column1310_6a139b-cd > .kt-inside-inner-col{flex-direction:column;}.kadence-column1310_6a139b-cd > .kt-inside-inner-col > .aligncenter{width:100%;}.kadence-column1310_6a139b-cd > .kt-inside-inner-col:before{opacity:0.3;}.kadence-column1310_6a139b-cd{position:relative;}@media all and (max-width: 1024px){.kadence-column1310_6a139b-cd > .kt-inside-inner-col{flex-direction:column;justify-content:center;}}@media all and (max-width: 767px){.kadence-column1310_6a139b-cd > .kt-inside-inner-col{flex-direction:column;justify-content:center;}}<\/style>\n<div class=\"wp-block-kadence-column kadence-column1310_6a139b-cd\"><div class=\"kt-inside-inner-col\">\n<p class=\"wp-block-paragraph\"><strong>dr. Seung Hwan Lee, KMD, L.Ac., Ph.D.<\/strong><br>(zdravnik korejske medicine, licencirani akupunkturist \u2013 New York)<br>Doktorat iz preventivne medicine, Univerza Kyung Hee<br>Magisterij iz porodni\u0161tva in ginekologije v korejski medicini, Univerza Dongguk<br>Glavni direktor, Klinika korejske medicine Tong-In, Seul<\/p>\n\n\n\n<div style=\"height:10px\" aria-hidden=\"true\" class=\"wp-block-spacer\"><\/div>\n\n\n\n<p class=\"wp-block-paragraph\"><strong>Dr. Seung Hwan Lee, KMD, L.Ac., Ph.D.<\/strong>, bo te\u010daj vodil skupaj s <strong>prof. dr. Edvinom Dervi\u0161evi\u0107em<\/strong>; to predstavlja edinstveno prilo\u017enost za strokovno izpopolnjevanje pod vodstvom enega od mednarodno najbolj aktivnih korejskih strokovnjakov na podro\u010dju medicinske estetske akupunkture.<\/p>\n\n\n\n<div style=\"height:10px\" aria-hidden=\"true\" class=\"wp-block-spacer\"><\/div>\n\n\n\n<p class=\"wp-block-paragraph\">Dr. Lee je avtor 15 knjig in 22 znanstvenih \u010dlankov, predsednik ve\u010d strokovnih odborov v okviru Korejskega zdravni\u0161kega zdru\u017eenja ter dolgoletni vodja mednarodnih klini\u010dnih izmenjav v ZDA, na Japonskem, v Evropi in na Bli\u017enjem vzhodu.<\/p>\n<\/div><\/div>\n\n\n<style>.kadence-column1310_896a1d-21 > .kt-inside-inner-col,.kadence-column1310_896a1d-21 > .kt-inside-inner-col:before{border-top-left-radius:0px;border-top-right-radius:0px;border-bottom-right-radius:0px;border-bottom-left-radius:0px;}.kadence-column1310_896a1d-21 > .kt-inside-inner-col{column-gap:var(--global-kb-gap-sm, 1rem);}.kadence-column1310_896a1d-21 > .kt-inside-inner-col{flex-direction:column;}.kadence-column1310_896a1d-21 > .kt-inside-inner-col > .aligncenter{width:100%;}.kadence-column1310_896a1d-21 > .kt-inside-inner-col:before{opacity:0.3;}.kadence-column1310_896a1d-21{position:relative;}@media all and (max-width: 1024px){.kadence-column1310_896a1d-21 > .kt-inside-inner-col{flex-direction:column;justify-content:center;}}@media all and (max-width: 767px){.kadence-column1310_896a1d-21 > .kt-inside-inner-col{flex-direction:column;justify-content:center;}}<\/style>\n<div class=\"wp-block-kadence-column kadence-column1310_896a1d-21\"><div class=\"kt-inside-inner-col\"><style>.kb-image1310_49cac0-57 .kb-image-has-overlay:after{opacity:0.3;}<\/style>\n<div class=\"wp-block-kadence-image kb-image1310_49cac0-57\"><figure class=\"alignright size-full\"><img loading=\"lazy\" decoding=\"async\" width=\"325\" height=\"388\" src=\"https:\/\/akued.com\/wp-content\/uploads\/2026\/07\/Screenshot-2026-02-23-at-14.59.47.webp\" alt=\"\" class=\"kb-img wp-image-649\" srcset=\"https:\/\/akued.com\/wp-content\/uploads\/2026\/07\/Screenshot-2026-02-23-at-14.59.47.webp 325w, https:\/\/akued.com\/wp-content\/uploads\/2026\/07\/Screenshot-2026-02-23-at-14.59.47-251x300.webp 251w\" sizes=\"auto, (max-width: 325px) 100vw, 325px\" \/><\/figure><\/div>\n<\/div><\/div>\n\n<\/div><\/div>\n\n\n<div style=\"height:10px\" aria-hidden=\"true\" class=\"wp-block-spacer\"><\/div>\n\n\n<style>.wp-block-kadence-advancedheading.kt-adv-heading1310_8ff5e1-26, .wp-block-kadence-advancedheading.kt-adv-heading1310_8ff5e1-26[data-kb-block=\"kb-adv-heading1310_8ff5e1-26\"]{font-style:normal;}.wp-block-kadence-advancedheading.kt-adv-heading1310_8ff5e1-26 mark.kt-highlight, .wp-block-kadence-advancedheading.kt-adv-heading1310_8ff5e1-26[data-kb-block=\"kb-adv-heading1310_8ff5e1-26\"] mark.kt-highlight{font-style:normal;color:#f76a0c;-webkit-box-decoration-break:clone;box-decoration-break:clone;padding-top:0px;padding-right:0px;padding-bottom:0px;padding-left:0px;}.wp-block-kadence-advancedheading.kt-adv-heading1310_8ff5e1-26 img.kb-inline-image, .wp-block-kadence-advancedheading.kt-adv-heading1310_8ff5e1-26[data-kb-block=\"kb-adv-heading1310_8ff5e1-26\"] img.kb-inline-image{width:150px;vertical-align:baseline;}<\/style>\n<h2 class=\"kt-adv-heading1310_8ff5e1-26 wp-block-kadence-advancedheading\" data-kb-block=\"kb-adv-heading1310_8ff5e1-26\">Medicinska kozmeti\u010dna akupunktura \u2013 ve\u010d kot le estetika<\/h2>\n\n\n\n<p class=\"wp-block-paragraph\">Kozmeti\u010dna akupunktura v medicinskem kontekstu ni estetski poseg v klasi\u010dnem pomenu besede.<\/p>\n\n\n\n<p class=\"wp-block-paragraph\">Gre za natan\u010dno metodo, ki temelji na anatomiji in nevrofiziologiji in ki:<\/p>\n\n\n\n<ul class=\"wp-block-list\">\n<li>spodbuja mikrocirkulacijo<\/li>\n\n\n\n<li>spodbuja delovanje fibroblastov in sintezo kolagena<\/li>\n\n\n\n<li>izbolj\u0161a napetost in elasti\u010dnost tkiva<\/li>\n\n\n\n<li>zmanj\u0161a napetost obraznih mi\u0161ic<\/li>\n\n\n\n<li>ureja avtonomni \u017eiv\u010dni sistem<\/li>\n\n\n\n<li>deluje sistemsko, ne le lokalno<\/li>\n<\/ul>\n\n\n\n<p class=\"wp-block-paragraph\">Za razliko od invazivnih metod pomlajevanja, ki delujejo mehansko ali kemi\u010dno, medicinska akupunktura spodbuja naravne regeneracijske procese v telesu, ne da bi pri tem motila anatomsko zgradbo.<\/p>\n\n\n\n<div style=\"height:10px\" aria-hidden=\"true\" class=\"wp-block-spacer\"><\/div>\n\n\n\n<h2 class=\"wp-block-heading\">Program te\u010daja vklju\u010duje<\/h2>\n\n\n\n<ul class=\"wp-block-list\">\n<li>Teoreti\u010dne osnove korejske medicinske kozmeti\u010dne akupunkture<\/li>\n\n\n\n<li>Anatomija in funkcionalna topografija obraza<\/li>\n\n\n\n<li>Nevrovaskularne strukture in varnostni protokoli<\/li>\n\n\n\n<li>Tehnike natan\u010dnega iglanja<\/li>\n\n\n\n<li>Povezovanje sistemskega in lokalnega zdravljenja<\/li>\n\n\n\n<li>Klini\u010dne indikacije in kontraindikacije<\/li>\n\n\n\n<li>Prakti\u010dno delo pod strokovnim nadzorom<\/li>\n<\/ul>\n\n\n\n<h2 class=\"wp-block-heading\">Certificiranje<\/h2>\n\n\n\n<p class=\"wp-block-paragraph\">Vsi udele\u017eenci bodo po kratkem preverjanju teoreti\u010dnega znanja in prakti\u010dno osvojenih tehnik prejeli <strong>potrdilo o zaklju\u010dku te\u010daja<\/strong>. Te\u010daj bo registriran <strong>pri Zdravni\u0161ki zbornici Slovenije<\/strong> za namene dodelitve kreditnih to\u010dk za stalno strokovno izpopolnjevanje. <\/p>\n\n\n\n<div style=\"height:10px\" aria-hidden=\"true\" class=\"wp-block-spacer\"><\/div>\n\n\n\n<h2 class=\"wp-block-heading\">Prijavnina<\/h2>\n\n\n\n<p class=\"wp-block-paragraph\">Cena te\u010daja: <strong>600 EUR<\/strong><\/p>\n\n\n\n<p class=\"wp-block-paragraph\">\u0160tevilo mest je omejeno zaradi prakti\u010dnega dela.<\/p>\n\n\n\n<div style=\"height:10px\" aria-hidden=\"true\" class=\"wp-block-spacer\"><\/div>\n\n\n\n<h2 class=\"wp-block-heading\">Prijave<\/h2>\n\n\n\n<p class=\"wp-block-paragraph\">Prijave so \u017ee odprte in jih lahko po\u0161ljete <a href=\"https:\/\/akued.com\/sl\/kontakt\/\" data-type=\"page\" data-id=\"125\">tukaj<\/a>.<\/p>\n\n\n\n<p class=\"wp-block-paragraph\">Podrobnej\u0161e informacije o urniku, organizaciji in tehni\u010dnih navodilih bodo kmalu na voljo.<\/p>\n\n\n\n<div style=\"height:15px\" aria-hidden=\"true\" class=\"wp-block-spacer\"><\/div>\n\n\n<a class=\"wpm-button wp-block-wpm-button\" href=\"https:\/\/akued.com\/sl\/prijavi-se\/\">Prijavi se<\/a>\n\n\n<div style=\"height:25px\" aria-hidden=\"true\" class=\"wp-block-spacer\"><\/div>\n","protected":false},"excerpt":{"rendered":"<p>Prvi\u010d v Sloveniji organiziramo dvodnevni strokovni te\u010daj medicinske kozmeti\u010dne akupunkture, ki ga bo vodil: dr. [\u2026]<\/p>\n","protected":false},"author":1,"featured_media":1311,"comment_status":"open","ping_status":"open","sticky":false,"template":"","format":"standard","meta":{"_kad_blocks_custom_css":"","_kad_blocks_head_custom_js":"","_kad_blocks_body_custom_js":"","_kad_blocks_footer_custom_js":"","page_custom_class":"","custom_author":"Adriana Ku\u010di","author_label":"","_kad_post_transparent":"","_kad_post_title":"","_kad_post_layout":"","_kad_post_sidebar_id":"","_kad_post_content_style":"","_kad_post_vertical_padding":"","_kad_post_feature":"","_kad_post_feature_position":"","_kad_post_header":false,"_kad_post_footer":false,"_kad_post_classname":"","footnotes":""},"categories":[57,50],"tags":[],"class_list":["post-1310","post","type-post","status-publish","format-standard","has-post-thumbnail","hentry","category-novice","category-tecaji"],"taxonomy_info":{"category":[{"value":57,"label":"Novice"},{"value":50,"label":"Te\u010daji"}]},"featured_image_src_large":["https:\/\/akued.com\/wp-content\/uploads\/2026\/07\/475537358_616142398032716_3421525811310003153_n.webp",900,896,false],"author_info":{"display_name":"wpm","author_link":"https:\/\/akued.com\/sl\/author\/wpm\/"},"comment_info":0,"category_info":[{"term_id":57,"name":"Novice","slug":"novice","term_group":0,"term_taxonomy_id":57,"taxonomy":"category","description":"","parent":0,"count":2,"filter":"raw","cat_ID":57,"category_count":2,"category_description":"","cat_name":"Novice","category_nicename":"novice","category_parent":0},{"term_id":50,"name":"Te\u010daji","slug":"tecaji","term_group":0,"term_taxonomy_id":50,"taxonomy":"category","description":"","parent":0,"count":3,"filter":"raw","cat_ID":50,"category_count":3,"category_description":"","cat_name":"Te\u010daji","category_nicename":"tecaji","category_parent":0}],"tag_info":false,"_links":{"self":[{"href":"https:\/\/akued.com\/sl\/wp-json\/wp\/v2\/posts\/1310","targetHints":{"allow":["GET"]}}],"collection":[{"href":"https:\/\/akued.com\/sl\/wp-json\/wp\/v2\/posts"}],"about":[{"href":"https:\/\/akued.com\/sl\/wp-json\/wp\/v2\/types\/post"}],"author":[{"embeddable":true,"href":"https:\/\/akued.com\/sl\/wp-json\/wp\/v2\/users\/1"}],"replies":[{"embeddable":true,"href":"https:\/\/akued.com\/sl\/wp-json\/wp\/v2\/comments?post=1310"}],"version-history":[{"count":6,"href":"https:\/\/akued.com\/sl\/wp-json\/wp\/v2\/posts\/1310\/revisions"}],"predecessor-version":[{"id":1879,"href":"https:\/\/akued.com\/sl\/wp-json\/wp\/v2\/posts\/1310\/revisions\/1879"}],"wp:featuredmedia":[{"embeddable":true,"href":"https:\/\/akued.com\/sl\/wp-json\/wp\/v2\/media\/1311"}],"wp:attachment":[{"href":"https:\/\/akued.com\/sl\/wp-json\/wp\/v2\/media?parent=1310"}],"wp:term":[{"taxonomy":"category","embeddable":true,"href":"https:\/\/akued.com\/sl\/wp-json\/wp\/v2\/categories?post=1310"},{"taxonomy":"post_tag","embeddable":true,"href":"https:\/\/akued.com\/sl\/wp-json\/wp\/v2\/tags?post=1310"}],"curies":[{"name":"wp","href":"https:\/\/api.w.org\/{rel}","templated":true}]}}