{"id":1302,"date":"2026-02-12T10:38:00","date_gmt":"2026-02-12T10:38:00","guid":{"rendered":"https:\/\/akued.com\/mednarodna-spletna-sola-prof-dr-dervisevica-bo-kmalu-odpotovala-v-colombo\/"},"modified":"2026-08-25T07:59:38","modified_gmt":"2026-08-25T07:59:38","slug":"mednarodna-spletna-sola-prof-dr-dervisevica-bo-kmalu-odpotovala-v-colombo","status":"publish","type":"post","link":"https:\/\/akued.com\/sl\/mednarodna-spletna-sola-prof-dr-dervisevica-bo-kmalu-odpotovala-v-colombo\/","title":{"rendered":"Mednarodna spletna \u0161ola prof. dr. Dervi\u0161evi\u0107a bo kmalu odpotovala v Colombo"},"content":{"rendered":"\n<p class=\"wp-block-paragraph\">\u010cez nekaj dni se bo ekipa Mednarodne spletne \u0161ole za akupunkturo pod vodstvom prof. dr. Edvina Dervi\u0161evi\u0107a odpravila na dolgo pot\u2013 v Colombo na \u010darobni \u0160rilanki.<\/p>\n\n<div style=\"height:15px\" aria-hidden=\"true\" class=\"wp-block-spacer\"><\/div>\n\n<p class=\"wp-block-paragraph\">Na izjemno prijazni OUCM (Odprti univerzi za komplementarno medicino) bodo, tako kot \u0161tevilne generacije pred njimi, opravili dvotedensko strokovno prakso na podro\u010dju tradicionalne kitajske medicine in akupunkture. Leto\u0161nja praksa se za\u010dne v ponedeljek, 16. februarja, in kon\u010da v petek, 27. februarja. <\/p>\n\n<div style=\"height:15px\" aria-hidden=\"true\" class=\"wp-block-spacer\"><\/div>\n\n<p class=\"wp-block-paragraph\">To je \u0161tudijsko potovanje, a ne samo to. Je vrnitev k izvoru znanja. Je sre\u010danje z u\u010ditelji, bolniki in klinikami, kjer medicina ni le tehnika, temve\u010d odnos, pozornost in globoko razumevanje \u010dloveka.  <\/p>\n\n<div style=\"height:15px\" aria-hidden=\"true\" class=\"wp-block-spacer\"><\/div>\n\n<p class=\"wp-block-paragraph\">Na\u0161a \u0161ola \u017ee vrsto let gradi most med Evropo in Azijo, med teorijo in prakti\u010dnimi izku\u0161njami, med knjigami in dotikom. Colombo je ena od postaj na tej poti \u2013 kraj, kjer se znanja ne pridobiva le z glavo, temve\u010d tudi z rokami, o\u010dmi in srcem. <\/p>\n\n<div style=\"height:15px\" aria-hidden=\"true\" class=\"wp-block-spacer\"><\/div>\n\n<p class=\"wp-block-paragraph\">V tropskem podnebju, ob vonjih za\u010dimb in \u0161umenju Indijskega oceana, se bodo na\u0161i udele\u017eenci u\u010dili, opazovali, vadili in razvijali. Prepri\u010dani smo, da se bodo, tako kot mnoge generacije pred njimi, veliko nau\u010dili, poglobili svoje razumevanje medicine, hkrati pa spoznali enega najlep\u0161ih otokov na svetu \u2013 in njegove \u010dudovite, tople in gostoljubne prebivalce. <\/p>\n\n<div style=\"height:15px\" aria-hidden=\"true\" class=\"wp-block-spacer\"><\/div>\n\n<p class=\"wp-block-paragraph\">Ker se akupunkture ne nau\u010di\u0161 zgolj z branjem. Nau\u010di\u0161 se je v gibanju. Pri delu. V stiku z drugimi.   <\/p>\n\n<div style=\"height:15px\" aria-hidden=\"true\" class=\"wp-block-spacer\"><\/div>\n\n<p class=\"wp-block-paragraph\">Pot se za\u010denja. In znanje se \u0161e naprej \u0161iri. <\/p>\n\n<div style=\"height:15px\" aria-hidden=\"true\" class=\"wp-block-spacer\"><\/div>\n\n<p class=\"wp-block-paragraph\">Tudi letos na\u010drtujemo, kot obi\u010dajno, oktobrsko prakso v Pekingu, septembra pa bo potekala nova praksa v \u0160anghaju. Ve\u010d informacij o vseh podrobnostih bo na voljo kmalu. <\/p>\n\n<div style=\"height:25px\" aria-hidden=\"true\" class=\"wp-block-spacer\"><\/div>\n","protected":false},"excerpt":{"rendered":"<p>\u010cez nekaj dni se bo ekipa Mednarodne spletne \u0161ole za akupunkturo pod vodstvom prof. dr. Edvina Dervi\u0161evi\u0107a odpravila na dolgo pot\u2013 v Colombo na \u010darobni \u0160rilanki. Na izjemno prijazni OUCM (Odprti univerzi za komplementarno medicino) bodo, tako kot \u0161tevilne generacije pred njimi, opravili dvotedensko strokovno prakso na podro\u010dju tradicionalne kitajske medicine in akupunkture. Leto\u0161nja praksa&#8230;<\/p>\n","protected":false},"author":1,"featured_media":1303,"comment_status":"open","ping_status":"open","sticky":false,"template":"","format":"standard","meta":{"_kad_blocks_custom_css":"","_kad_blocks_head_custom_js":"","_kad_blocks_body_custom_js":"","_kad_blocks_footer_custom_js":"","page_custom_class":"","custom_author":"Adriana Ku\u010di","author_label":"","_kad_post_transparent":"","_kad_post_title":"","_kad_post_layout":"","_kad_post_sidebar_id":"","_kad_post_content_style":"","_kad_post_vertical_padding":"","_kad_post_feature":"","_kad_post_feature_position":"","_kad_post_header":false,"_kad_post_footer":false,"_kad_post_classname":"","footnotes":""},"categories":[57,49],"tags":[],"class_list":["post-1302","post","type-post","status-publish","format-standard","has-post-thumbnail","hentry","category-novice","category-studijska-potovanja"],"taxonomy_info":{"category":[{"value":57,"label":"Novice"},{"value":49,"label":"\u0160tudijska potovanja"}]},"featured_image_src_large":["https:\/\/akued.com\/wp-content\/uploads\/2026\/07\/483755385_648963461417276_8377966988042892692_n-1024x768-1.webp",1024,768,false],"author_info":{"display_name":"wpm","author_link":"https:\/\/akued.com\/sl\/author\/wpm\/"},"comment_info":0,"category_info":[{"term_id":57,"name":"Novice","slug":"novice","term_group":0,"term_taxonomy_id":57,"taxonomy":"category","description":"","parent":0,"count":2,"filter":"raw","cat_ID":57,"category_count":2,"category_description":"","cat_name":"Novice","category_nicename":"novice","category_parent":0},{"term_id":49,"name":"\u0160tudijska potovanja","slug":"studijska-potovanja","term_group":0,"term_taxonomy_id":49,"taxonomy":"category","description":"","parent":0,"count":4,"filter":"raw","cat_ID":49,"category_count":4,"category_description":"","cat_name":"\u0160tudijska potovanja","category_nicename":"studijska-potovanja","category_parent":0}],"tag_info":false,"_links":{"self":[{"href":"https:\/\/akued.com\/sl\/wp-json\/wp\/v2\/posts\/1302","targetHints":{"allow":["GET"]}}],"collection":[{"href":"https:\/\/akued.com\/sl\/wp-json\/wp\/v2\/posts"}],"about":[{"href":"https:\/\/akued.com\/sl\/wp-json\/wp\/v2\/types\/post"}],"author":[{"embeddable":true,"href":"https:\/\/akued.com\/sl\/wp-json\/wp\/v2\/users\/1"}],"replies":[{"embeddable":true,"href":"https:\/\/akued.com\/sl\/wp-json\/wp\/v2\/comments?post=1302"}],"version-history":[{"count":7,"href":"https:\/\/akued.com\/sl\/wp-json\/wp\/v2\/posts\/1302\/revisions"}],"predecessor-version":[{"id":1569,"href":"https:\/\/akued.com\/sl\/wp-json\/wp\/v2\/posts\/1302\/revisions\/1569"}],"wp:featuredmedia":[{"embeddable":true,"href":"https:\/\/akued.com\/sl\/wp-json\/wp\/v2\/media\/1303"}],"wp:attachment":[{"href":"https:\/\/akued.com\/sl\/wp-json\/wp\/v2\/media?parent=1302"}],"wp:term":[{"taxonomy":"category","embeddable":true,"href":"https:\/\/akued.com\/sl\/wp-json\/wp\/v2\/categories?post=1302"},{"taxonomy":"post_tag","embeddable":true,"href":"https:\/\/akued.com\/sl\/wp-json\/wp\/v2\/tags?post=1302"}],"curies":[{"name":"wp","href":"https:\/\/api.w.org\/{rel}","templated":true}]}}