{"id":1364,"date":"2026-02-23T10:49:00","date_gmt":"2026-02-23T10:49:00","guid":{"rendered":"https:\/\/akued.com\/prvi-tecaj-medicinske-kozmeticke-akupunkture-u-sloveniji-ljubljana-3-i-4-listopada-2026\/"},"modified":"2026-08-25T07:56:49","modified_gmt":"2026-08-25T07:56:49","slug":"prvi-tecaj-medicinske-kozmeticke-akupunkture-u-sloveniji-ljubljana-3-i-4-listopada-2026","status":"publish","type":"post","link":"https:\/\/akued.com\/hr\/prvi-tecaj-medicinske-kozmeticke-akupunkture-u-sloveniji-ljubljana-3-i-4-listopada-2026\/","title":{"rendered":"Prvi te\u010daj medicinske kozmeti\u010dke akupunkture u Sloveniji, Ljubljana, 3. i 4. listopada 2026."},"content":{"rendered":"\n<p class=\"wp-block-paragraph\">Po prvi put u Sloveniji organiziramo dvodnevni stru\u010dni te\u010daj <strong>medicinske kozmeti\u010dke akupunkture<\/strong>, koji \u0107e voditi:<\/p>\n\n\n\n<div style=\"height:10px\" aria-hidden=\"true\" class=\"wp-block-spacer\"><\/div>\n\n\n<style>.kb-row-layout-id1364_fb26e2-f0 > .kt-row-column-wrap{align-content:start;}:where(.kb-row-layout-id1364_fb26e2-f0 > .kt-row-column-wrap) > .wp-block-kadence-column{justify-content:start;}.kb-row-layout-id1364_fb26e2-f0 > .kt-row-column-wrap{column-gap:var(--global-kb-gap-md, 2rem);row-gap:var(--global-kb-gap-md, 2rem);padding-top:var(--global-kb-spacing-sm, 1.5rem);padding-bottom:var(--global-kb-spacing-sm, 1.5rem);grid-template-columns:repeat(2, minmax(0, 1fr));}.kb-row-layout-id1364_fb26e2-f0 > .kt-row-layout-overlay{opacity:0.30;}@media all and (max-width: 1024px){.kb-row-layout-id1364_fb26e2-f0 > .kt-row-column-wrap{grid-template-columns:repeat(2, minmax(0, 1fr));}}@media all and (max-width: 767px){.kb-row-layout-id1364_fb26e2-f0 > .kt-row-column-wrap{grid-template-columns:minmax(0, 1fr);}}<\/style><div class=\"kb-row-layout-wrap kb-row-layout-id1364_fb26e2-f0 alignnone wp-block-kadence-rowlayout\"><div class=\"kt-row-column-wrap kt-has-2-columns kt-row-layout-equal kt-tab-layout-inherit kt-mobile-layout-row kt-row-valign-top\">\n<style>.kadence-column1364_052175-1a > .kt-inside-inner-col,.kadence-column1364_052175-1a > .kt-inside-inner-col:before{border-top-left-radius:0px;border-top-right-radius:0px;border-bottom-right-radius:0px;border-bottom-left-radius:0px;}.kadence-column1364_052175-1a > .kt-inside-inner-col{column-gap:var(--global-kb-gap-sm, 1rem);}.kadence-column1364_052175-1a > .kt-inside-inner-col{flex-direction:column;}.kadence-column1364_052175-1a > .kt-inside-inner-col > .aligncenter{width:100%;}.kadence-column1364_052175-1a > .kt-inside-inner-col:before{opacity:0.3;}.kadence-column1364_052175-1a{position:relative;}@media all and (max-width: 1024px){.kadence-column1364_052175-1a > .kt-inside-inner-col{flex-direction:column;justify-content:center;}}@media all and (max-width: 767px){.kadence-column1364_052175-1a > .kt-inside-inner-col{flex-direction:column;justify-content:center;}}<\/style>\n<div class=\"wp-block-kadence-column kadence-column1364_052175-1a\"><div class=\"kt-inside-inner-col\">\n<p class=\"wp-block-paragraph\"><strong>dr. Seung Hwan Lee, KMD, L.Ac., Ph.D.<\/strong><br> (Lije\u010dnik korejske medicine, licencirani akupunkturist \u2013 New York)<br> Doktorat iz preventivne medicine, Sveu\u010dili\u0161te Kyung Hee<br> Magistar opstetricije i ginekologije korejske medicine, Sveu\u010dili\u0161te Dongguk<br> Glavni direktor, Korejska medicinska klinika Tong-In, Seul<\/p>\n\n\n\n<div style=\"height:10px\" aria-hidden=\"true\" class=\"wp-block-spacer\"><\/div>\n\n\n\n<p class=\"wp-block-paragraph\"><strong>Dr. Seung Hwan Lee, KMD, L.Ac., Ph.D.<\/strong> odr\u017eat \u0107e te\u010daj zajedno s <strong>prof. dr. Edvinom Dervi\u0161evi\u0107em<\/strong> i predstavlja jedinstvenu priliku za profesionalni razvoj pod vodstvom jednog od najaktivnijih me\u0111unarodno aktivnih korejskih stru\u010dnjaka u podru\u010dju medicinske estetske akupunkture.<\/p>\n\n\n\n<div style=\"height:10px\" aria-hidden=\"true\" class=\"wp-block-spacer\"><\/div>\n\n\n\n<p class=\"wp-block-paragraph\">Dr. Lee je autor 15 knjiga i 22 znanstvena rada, predsjednik nekoliko stru\u010dnih odbora unutar Korejskog lije\u010dni\u010dkog udru\u017eenja i dugogodi\u0161nji voditelj me\u0111unarodnih klini\u010dkih razmjena u SAD-u, Japanu, Europi i na Bliskom istoku.<\/p>\n<\/div><\/div>\n\n\n<style>.kadence-column1364_755daa-cd > .kt-inside-inner-col,.kadence-column1364_755daa-cd > .kt-inside-inner-col:before{border-top-left-radius:0px;border-top-right-radius:0px;border-bottom-right-radius:0px;border-bottom-left-radius:0px;}.kadence-column1364_755daa-cd > .kt-inside-inner-col{column-gap:var(--global-kb-gap-sm, 1rem);}.kadence-column1364_755daa-cd > .kt-inside-inner-col{flex-direction:column;}.kadence-column1364_755daa-cd > .kt-inside-inner-col > .aligncenter{width:100%;}.kadence-column1364_755daa-cd > .kt-inside-inner-col:before{opacity:0.3;}.kadence-column1364_755daa-cd{position:relative;}@media all and (max-width: 1024px){.kadence-column1364_755daa-cd > .kt-inside-inner-col{flex-direction:column;justify-content:center;}}@media all and (max-width: 767px){.kadence-column1364_755daa-cd > .kt-inside-inner-col{flex-direction:column;justify-content:center;}}<\/style>\n<div class=\"wp-block-kadence-column kadence-column1364_755daa-cd\"><div class=\"kt-inside-inner-col\"><style>.kb-image1364_6ca4b8-a0 .kb-image-has-overlay:after{opacity:0.3;}<\/style>\n<div class=\"wp-block-kadence-image kb-image1364_6ca4b8-a0\"><figure class=\"alignright size-full\"><img loading=\"lazy\" decoding=\"async\" width=\"325\" height=\"388\" src=\"https:\/\/akued.com\/wp-content\/uploads\/2026\/07\/Screenshot-2026-02-23-at-14.59.47.webp\" alt=\"\" class=\"kb-img wp-image-649\" srcset=\"https:\/\/akued.com\/wp-content\/uploads\/2026\/07\/Screenshot-2026-02-23-at-14.59.47.webp 325w, https:\/\/akued.com\/wp-content\/uploads\/2026\/07\/Screenshot-2026-02-23-at-14.59.47-251x300.webp 251w\" sizes=\"auto, (max-width: 325px) 100vw, 325px\" \/><\/figure><\/div>\n<\/div><\/div>\n\n<\/div><\/div>\n\n\n<div style=\"height:10px\" aria-hidden=\"true\" class=\"wp-block-spacer\"><\/div>\n\n\n<style>.wp-block-kadence-advancedheading.kt-adv-heading1364_55ca16-b6, .wp-block-kadence-advancedheading.kt-adv-heading1364_55ca16-b6[data-kb-block=\"kb-adv-heading1364_55ca16-b6\"]{font-style:normal;}.wp-block-kadence-advancedheading.kt-adv-heading1364_55ca16-b6 mark.kt-highlight, .wp-block-kadence-advancedheading.kt-adv-heading1364_55ca16-b6[data-kb-block=\"kb-adv-heading1364_55ca16-b6\"] mark.kt-highlight{font-style:normal;color:#f76a0c;-webkit-box-decoration-break:clone;box-decoration-break:clone;padding-top:0px;padding-right:0px;padding-bottom:0px;padding-left:0px;}.wp-block-kadence-advancedheading.kt-adv-heading1364_55ca16-b6 img.kb-inline-image, .wp-block-kadence-advancedheading.kt-adv-heading1364_55ca16-b6[data-kb-block=\"kb-adv-heading1364_55ca16-b6\"] img.kb-inline-image{width:150px;vertical-align:baseline;}<\/style>\n<h2 class=\"kt-adv-heading1364_55ca16-b6 wp-block-kadence-advancedheading\" data-kb-block=\"kb-adv-heading1364_55ca16-b6\">Medicinska kozmeti\u010dka akupunktura \u2013 vi\u0161e od estetike<\/h2>\n\n\n\n<p class=\"wp-block-paragraph\">Kozmeti\u010dka akupunktura u medicinskom kontekstu nije estetski tretman u klasi\u010dnom smislu.<\/p>\n\n\n\n<p class=\"wp-block-paragraph\">To je precizna, anatomski i neurofiziolo\u0161ki utemeljena metoda koja:<\/p>\n\n\n\n<ul class=\"wp-block-list\">\n<li>poti\u010de mikrocirkulaciju<\/li>\n\n\n\n<li>aktivira fibroblaste i sintezu kolagena<\/li>\n\n\n\n<li>pobolj\u0161ava tonus i elasti\u010dnost tkiva<\/li>\n\n\n\n<li>smanjuje napetost mi\u0161i\u0107a lica<\/li>\n\n\n\n<li>regulira autonomni \u017eiv\u010dani sustav<\/li>\n\n\n\n<li>djeluje sistemski, ne samo lokalno<\/li>\n<\/ul>\n\n\n\n<p class=\"wp-block-paragraph\">Za razliku od invazivnih metoda pomla\u0111ivanja koje djeluju mehani\u010dki ili kemijski, medicinska akupunktura aktivira prirodne regenerativne procese tijela bez naru\u0161avanja anatomskih struktura.<\/p>\n\n\n\n<div style=\"height:10px\" aria-hidden=\"true\" class=\"wp-block-spacer\"><\/div>\n\n\n\n<h2 class=\"wp-block-heading\">Program te\u010daja uklju\u010duje<\/h2>\n\n\n\n<ul class=\"wp-block-list\">\n<li>Teorijske osnove korejske medicinske kozmeti\u010dke akupunkture<\/li>\n\n\n\n<li>Anatomija i funkcionalna topografija lica<\/li>\n\n\n\n<li>Neurovaskularne strukture i sigurnosni protokoli<\/li>\n\n\n\n<li>Tehnike preciznog ubadanja<\/li>\n\n\n\n<li>Integracija sistemske i lokalne terapije<\/li>\n\n\n\n<li>Klini\u010dke indikacije i kontraindikacije<\/li>\n\n\n\n<li>Prakti\u010dni rad pod stru\u010dnim nadzorom<\/li>\n<\/ul>\n\n\n\n<h2 class=\"wp-block-heading\">Certifikacija<\/h2>\n\n\n\n<p class=\"wp-block-paragraph\">Svi polaznici \u0107e dobiti <strong>potvrdu o zavr\u0161etku te\u010daja<\/strong>, nakon kratke provjere teorijskog znanja i prakti\u010dno usvojenih tehnika. Te\u010daj \u0107e biti registriran <strong>kod Lije\u010dni\u010dkog zbora Slovenije<\/strong> u svrhu dodjeljivanja bodova za kontinuirani profesionalni razvoj. <\/p>\n\n\n\n<div style=\"height:10px\" aria-hidden=\"true\" class=\"wp-block-spacer\"><\/div>\n\n\n\n<h2 class=\"wp-block-heading\">Kotizacija za registraciju<\/h2>\n\n\n\n<p class=\"wp-block-paragraph\">Cijena te\u010daja: <strong>600 EUR<\/strong><\/p>\n\n\n\n<p class=\"wp-block-paragraph\">Broj mjesta je ograni\u010den zbog prakti\u010dnog rada.<\/p>\n\n\n\n<div style=\"height:10px\" aria-hidden=\"true\" class=\"wp-block-spacer\"><\/div>\n\n\n\n<h2 class=\"wp-block-heading\">Prijave<\/h2>\n\n\n\n<p class=\"wp-block-paragraph\">Prijave su ve\u0107 otvorene i mogu se poslati <a href=\"https:\/\/akued.com\/hr\/kontakt\/\" data-type=\"page\" data-id=\"125\">ovdje<\/a> .<\/p>\n\n\n\n<p class=\"wp-block-paragraph\">Detaljnije informacije o rasporedu, organizaciji i tehni\u010dkim uputama uskoro.<\/p>\n\n\n\n<div style=\"height:15px\" aria-hidden=\"true\" class=\"wp-block-spacer\"><\/div>\n\n\n<a class=\"wpm-button wp-block-wpm-button\" href=\"https:\/\/akued.com\/hr\/prijavi-se\/\">Prijavi se<\/a>\n\n\n<div style=\"height:25px\" aria-hidden=\"true\" class=\"wp-block-spacer\"><\/div>\n","protected":false},"excerpt":{"rendered":"<p>Po prvi put u Sloveniji organiziramo dvodnevni stru\u010dni te\u010daj medicinske kozmeti\u010dke akupunkture, koji \u0107e voditi: dr. [\u2026]<\/p>\n","protected":false},"author":1,"featured_media":1365,"comment_status":"open","ping_status":"open","sticky":false,"template":"","format":"standard","meta":{"_kad_blocks_custom_css":"","_kad_blocks_head_custom_js":"","_kad_blocks_body_custom_js":"","_kad_blocks_footer_custom_js":"","page_custom_class":"","custom_author":"Adriana Ku\u010di","author_label":"","_kad_post_transparent":"","_kad_post_title":"","_kad_post_layout":"","_kad_post_sidebar_id":"","_kad_post_content_style":"","_kad_post_vertical_padding":"","_kad_post_feature":"","_kad_post_feature_position":"","_kad_post_header":false,"_kad_post_footer":false,"_kad_post_classname":"","footnotes":""},"categories":[46,48],"tags":[],"class_list":["post-1364","post","type-post","status-publish","format-standard","has-post-thumbnail","hentry","category-tecajevi","category-vijesti"],"taxonomy_info":{"category":[{"value":46,"label":"Te\u010dajevi"},{"value":48,"label":"Vijesti"}]},"featured_image_src_large":["https:\/\/akued.com\/wp-content\/uploads\/2026\/07\/475537358_616142398032716_3421525811310003153_n.webp",900,896,false],"author_info":{"display_name":"wpm","author_link":"https:\/\/akued.com\/hr\/author\/wpm\/"},"comment_info":0,"category_info":[{"term_id":46,"name":"Te\u010dajevi","slug":"tecajevi","term_group":0,"term_taxonomy_id":46,"taxonomy":"category","description":"","parent":0,"count":3,"filter":"raw","cat_ID":46,"category_count":3,"category_description":"","cat_name":"Te\u010dajevi","category_nicename":"tecajevi","category_parent":0},{"term_id":48,"name":"Vijesti","slug":"vijesti","term_group":0,"term_taxonomy_id":48,"taxonomy":"category","description":"","parent":0,"count":2,"filter":"raw","cat_ID":48,"category_count":2,"category_description":"","cat_name":"Vijesti","category_nicename":"vijesti","category_parent":0}],"tag_info":false,"_links":{"self":[{"href":"https:\/\/akued.com\/hr\/wp-json\/wp\/v2\/posts\/1364","targetHints":{"allow":["GET"]}}],"collection":[{"href":"https:\/\/akued.com\/hr\/wp-json\/wp\/v2\/posts"}],"about":[{"href":"https:\/\/akued.com\/hr\/wp-json\/wp\/v2\/types\/post"}],"author":[{"embeddable":true,"href":"https:\/\/akued.com\/hr\/wp-json\/wp\/v2\/users\/1"}],"replies":[{"embeddable":true,"href":"https:\/\/akued.com\/hr\/wp-json\/wp\/v2\/comments?post=1364"}],"version-history":[{"count":6,"href":"https:\/\/akued.com\/hr\/wp-json\/wp\/v2\/posts\/1364\/revisions"}],"predecessor-version":[{"id":1877,"href":"https:\/\/akued.com\/hr\/wp-json\/wp\/v2\/posts\/1364\/revisions\/1877"}],"wp:featuredmedia":[{"embeddable":true,"href":"https:\/\/akued.com\/hr\/wp-json\/wp\/v2\/media\/1365"}],"wp:attachment":[{"href":"https:\/\/akued.com\/hr\/wp-json\/wp\/v2\/media?parent=1364"}],"wp:term":[{"taxonomy":"category","embeddable":true,"href":"https:\/\/akued.com\/hr\/wp-json\/wp\/v2\/categories?post=1364"},{"taxonomy":"post_tag","embeddable":true,"href":"https:\/\/akued.com\/hr\/wp-json\/wp\/v2\/tags?post=1364"}],"curies":[{"name":"wp","href":"https:\/\/api.w.org\/{rel}","templated":true}]}}